{"id":992,"date":"2019-12-24T18:22:00","date_gmt":"2019-12-24T17:22:00","guid":{"rendered":"https:\/\/zelecsky-hradek.cz\/?p=992"},"modified":"2024-03-10T18:23:00","modified_gmt":"2024-03-10T17:23:00","slug":"krasne-vanoce-a-vse-nejlepsi-do-noveho-roku-2020-vam-preje-nase-smecka","status":"publish","type":"post","link":"https:\/\/zelecsky-hradek.cz\/index.php\/2019\/12\/24\/krasne-vanoce-a-vse-nejlepsi-do-noveho-roku-2020-vam-preje-nase-smecka\/","title":{"rendered":"Kr\u00e1sn\u00e9 V\u00e1noce a v\u0161e nejlep\u0161\u00ed do nov\u00e9ho roku 2020 V\u00e1m p\u0159eje na\u0161e sm\u011b\u010dka"},"content":{"rendered":"","protected":false},"excerpt":{"rendered":"","protected":false},"author":1,"featured_media":993,"comment_status":"closed","ping_status":"open","sticky":false,"template":"","format":"standard","meta":{"ngg_post_thumbnail":0,"footnotes":""},"categories":[34,18,7],"tags":[35,19,10],"class_list":["post-992","post","type-post","status-publish","format-standard","has-post-thumbnail","hentry","category-34","category-co-delaji-borderky","category-novinky","tag-35","tag-co-delaji-borderky","tag-novinky"],"_links":{"self":[{"href":"https:\/\/zelecsky-hradek.cz\/index.php\/wp-json\/wp\/v2\/posts\/992","targetHints":{"allow":["GET"]}}],"collection":[{"href":"https:\/\/zelecsky-hradek.cz\/index.php\/wp-json\/wp\/v2\/posts"}],"about":[{"href":"https:\/\/zelecsky-hradek.cz\/index.php\/wp-json\/wp\/v2\/types\/post"}],"author":[{"embeddable":true,"href":"https:\/\/zelecsky-hradek.cz\/index.php\/wp-json\/wp\/v2\/users\/1"}],"replies":[{"embeddable":true,"href":"https:\/\/zelecsky-hradek.cz\/index.php\/wp-json\/wp\/v2\/comments?post=992"}],"version-history":[{"count":1,"href":"https:\/\/zelecsky-hradek.cz\/index.php\/wp-json\/wp\/v2\/posts\/992\/revisions"}],"predecessor-version":[{"id":994,"href":"https:\/\/zelecsky-hradek.cz\/index.php\/wp-json\/wp\/v2\/posts\/992\/revisions\/994"}],"wp:featuredmedia":[{"embeddable":true,"href":"https:\/\/zelecsky-hradek.cz\/index.php\/wp-json\/wp\/v2\/media\/993"}],"wp:attachment":[{"href":"https:\/\/zelecsky-hradek.cz\/index.php\/wp-json\/wp\/v2\/media?parent=992"}],"wp:term":[{"taxonomy":"category","embeddable":true,"href":"https:\/\/zelecsky-hradek.cz\/index.php\/wp-json\/wp\/v2\/categories?post=992"},{"taxonomy":"post_tag","embeddable":true,"href":"https:\/\/zelecsky-hradek.cz\/index.php\/wp-json\/wp\/v2\/tags?post=992"}],"curies":[{"name":"wp","href":"https:\/\/api.w.org\/{rel}","templated":true}]}}