{"id":896,"date":"2018-01-20T12:18:00","date_gmt":"2018-01-20T11:18:00","guid":{"rendered":"https:\/\/zelecsky-hradek.cz\/?p=896"},"modified":"2024-03-10T12:20:19","modified_gmt":"2024-03-10T11:20:19","slug":"planovana-stenatka-eco-argo-agibuch","status":"publish","type":"post","link":"https:\/\/zelecsky-hradek.cz\/index.php\/2018\/01\/20\/planovana-stenatka-eco-argo-agibuch\/","title":{"rendered":"Pl\u00e1novan\u00e1 \u0161t\u011b\u0148\u00e1tka \u2013 Eco &amp; Argo Agibuch"},"content":{"rendered":"\n<p>Pokud u\u017e se poohl\u00ed\u017e\u00edte po \u0161t\u011b\u0148\u00e1tk\u00e1ch \u2013 m\u00e1me pro v\u00e1s dobrou zpr\u00e1vu! \u0160t\u011b\u0148\u00e1tka budou Pl\u00e1novan\u00e9 kryt\u00ed bude v \u010dervnu tak\u017ee \u0161t\u011b\u0148\u00e1tka m\u016f\u017eeme o\u010dek\u00e1vat v srpnu (odb\u011br na podzim 2018). M\u00e1mou bude Eco \u017dele\u010dsk\u00fd hr\u00e1dek a t\u00e1tou Argo Agibuch.<\/p>\n\n\n\n<figure class=\"wp-block-gallery has-nested-images columns-default is-cropped wp-block-gallery-1 is-layout-flex wp-block-gallery-is-layout-flex\">\n<figure class=\"wp-block-image size-large\"><img loading=\"lazy\" decoding=\"async\" width=\"660\" height=\"960\" data-id=\"898\" src=\"https:\/\/zelecsky-hradek.cz\/wp-content\/uploads\/2024\/03\/Argo-Agibuch.jpg\" alt=\"\" class=\"wp-image-898\" srcset=\"https:\/\/zelecsky-hradek.cz\/wp-content\/uploads\/2024\/03\/Argo-Agibuch.jpg 660w, https:\/\/zelecsky-hradek.cz\/wp-content\/uploads\/2024\/03\/Argo-Agibuch-206x300.jpg 206w\" sizes=\"auto, (max-width: 660px) 100vw, 660px\" \/><\/figure>\n\n\n\n<figure class=\"wp-block-image size-large\"><img loading=\"lazy\" decoding=\"async\" width=\"660\" height=\"960\" data-id=\"897\" src=\"https:\/\/zelecsky-hradek.cz\/wp-content\/uploads\/2024\/03\/Eco_zelecsky-hradek.jpg\" alt=\"\" class=\"wp-image-897\" srcset=\"https:\/\/zelecsky-hradek.cz\/wp-content\/uploads\/2024\/03\/Eco_zelecsky-hradek.jpg 660w, https:\/\/zelecsky-hradek.cz\/wp-content\/uploads\/2024\/03\/Eco_zelecsky-hradek-206x300.jpg 206w\" sizes=\"auto, (max-width: 660px) 100vw, 660px\" \/><\/figure>\n<\/figure>\n","protected":false},"excerpt":{"rendered":"<p>Pokud u\u017e se poohl\u00ed\u017e\u00edte po \u0161t\u011b\u0148\u00e1tk\u00e1ch \u2013 m\u00e1me pro v\u00e1s dobrou zpr\u00e1vu! \u0160t\u011b\u0148\u00e1tka budou Pl\u00e1novan\u00e9 kryt\u00ed bude v \u010dervnu tak\u017ee \u0161t\u011b\u0148\u00e1tka m\u016f\u017eeme o\u010dek\u00e1vat v srpnu (odb\u011br na podzim 2018). M\u00e1mou bude Eco \u017dele\u010dsk\u00fd hr\u00e1dek a t\u00e1tou Argo Agibuch.<\/p>\n","protected":false},"author":1,"featured_media":897,"comment_status":"closed","ping_status":"open","sticky":false,"template":"","format":"standard","meta":{"ngg_post_thumbnail":0,"footnotes":""},"categories":[32,7,5],"tags":[33,10,11],"class_list":["post-896","post","type-post","status-publish","format-standard","has-post-thumbnail","hentry","category-32","category-novinky","category-stenata","tag-33","tag-novinky","tag-stenata"],"_links":{"self":[{"href":"https:\/\/zelecsky-hradek.cz\/index.php\/wp-json\/wp\/v2\/posts\/896","targetHints":{"allow":["GET"]}}],"collection":[{"href":"https:\/\/zelecsky-hradek.cz\/index.php\/wp-json\/wp\/v2\/posts"}],"about":[{"href":"https:\/\/zelecsky-hradek.cz\/index.php\/wp-json\/wp\/v2\/types\/post"}],"author":[{"embeddable":true,"href":"https:\/\/zelecsky-hradek.cz\/index.php\/wp-json\/wp\/v2\/users\/1"}],"replies":[{"embeddable":true,"href":"https:\/\/zelecsky-hradek.cz\/index.php\/wp-json\/wp\/v2\/comments?post=896"}],"version-history":[{"count":1,"href":"https:\/\/zelecsky-hradek.cz\/index.php\/wp-json\/wp\/v2\/posts\/896\/revisions"}],"predecessor-version":[{"id":899,"href":"https:\/\/zelecsky-hradek.cz\/index.php\/wp-json\/wp\/v2\/posts\/896\/revisions\/899"}],"wp:featuredmedia":[{"embeddable":true,"href":"https:\/\/zelecsky-hradek.cz\/index.php\/wp-json\/wp\/v2\/media\/897"}],"wp:attachment":[{"href":"https:\/\/zelecsky-hradek.cz\/index.php\/wp-json\/wp\/v2\/media?parent=896"}],"wp:term":[{"taxonomy":"category","embeddable":true,"href":"https:\/\/zelecsky-hradek.cz\/index.php\/wp-json\/wp\/v2\/categories?post=896"},{"taxonomy":"post_tag","embeddable":true,"href":"https:\/\/zelecsky-hradek.cz\/index.php\/wp-json\/wp\/v2\/tags?post=896"}],"curies":[{"name":"wp","href":"https:\/\/api.w.org\/{rel}","templated":true}]}}