{"id":890,"date":"2017-10-18T11:33:00","date_gmt":"2017-10-18T09:33:00","guid":{"rendered":"https:\/\/zelecsky-hradek.cz\/?p=890"},"modified":"2024-03-10T11:35:25","modified_gmt":"2024-03-10T10:35:25","slug":"besi-odesla-do-psiho-nebe","status":"publish","type":"post","link":"https:\/\/zelecsky-hradek.cz\/index.php\/2017\/10\/18\/besi-odesla-do-psiho-nebe\/","title":{"rendered":"Besi ode\u0161la do ps\u00edho nebe"},"content":{"rendered":"\n<p class=\"has-text-align-center\">S velkou l\u00edstost\u00ed v\u0161em oznamujem, \u017ee dne 17.10.2017 n\u00e1s opustila Besinka. <br>Do posledn\u00edch dn\u016f byla aktivn\u00ed, prost\u011b prav\u00e1 Borderka !<\/p>\n","protected":false},"excerpt":{"rendered":"<p>S velkou l\u00edstost\u00ed v\u0161em oznamujem, \u017ee dne 17.10.2017 n\u00e1s opustila Besinka. Do posledn\u00edch dn\u016f byla aktivn\u00ed, prost\u011b prav\u00e1 Borderka !<\/p>\n","protected":false},"author":1,"featured_media":891,"comment_status":"closed","ping_status":"open","sticky":false,"template":"","format":"standard","meta":{"ngg_post_thumbnail":0,"footnotes":""},"categories":[30,4,7],"tags":[31,19,10],"class_list":["post-890","post","type-post","status-publish","format-standard","has-post-thumbnail","hentry","category-30","category-besi","category-novinky","tag-31","tag-co-delaji-borderky","tag-novinky"],"_links":{"self":[{"href":"https:\/\/zelecsky-hradek.cz\/index.php\/wp-json\/wp\/v2\/posts\/890","targetHints":{"allow":["GET"]}}],"collection":[{"href":"https:\/\/zelecsky-hradek.cz\/index.php\/wp-json\/wp\/v2\/posts"}],"about":[{"href":"https:\/\/zelecsky-hradek.cz\/index.php\/wp-json\/wp\/v2\/types\/post"}],"author":[{"embeddable":true,"href":"https:\/\/zelecsky-hradek.cz\/index.php\/wp-json\/wp\/v2\/users\/1"}],"replies":[{"embeddable":true,"href":"https:\/\/zelecsky-hradek.cz\/index.php\/wp-json\/wp\/v2\/comments?post=890"}],"version-history":[{"count":1,"href":"https:\/\/zelecsky-hradek.cz\/index.php\/wp-json\/wp\/v2\/posts\/890\/revisions"}],"predecessor-version":[{"id":892,"href":"https:\/\/zelecsky-hradek.cz\/index.php\/wp-json\/wp\/v2\/posts\/890\/revisions\/892"}],"wp:featuredmedia":[{"embeddable":true,"href":"https:\/\/zelecsky-hradek.cz\/index.php\/wp-json\/wp\/v2\/media\/891"}],"wp:attachment":[{"href":"https:\/\/zelecsky-hradek.cz\/index.php\/wp-json\/wp\/v2\/media?parent=890"}],"wp:term":[{"taxonomy":"category","embeddable":true,"href":"https:\/\/zelecsky-hradek.cz\/index.php\/wp-json\/wp\/v2\/categories?post=890"},{"taxonomy":"post_tag","embeddable":true,"href":"https:\/\/zelecsky-hradek.cz\/index.php\/wp-json\/wp\/v2\/tags?post=890"}],"curies":[{"name":"wp","href":"https:\/\/api.w.org\/{rel}","templated":true}]}}