{"id":743,"date":"2017-03-12T09:09:00","date_gmt":"2017-03-12T08:09:00","guid":{"rendered":"https:\/\/zelecsky-hradek.cz\/?p=743"},"modified":"2024-03-10T09:12:25","modified_gmt":"2024-03-10T08:12:25","slug":"iggy-je-nakryta","status":"publish","type":"post","link":"https:\/\/zelecsky-hradek.cz\/index.php\/2017\/03\/12\/iggy-je-nakryta\/","title":{"rendered":"Iggy je nakryt\u00e1"},"content":{"rendered":"\n<p>V p\u00e1tek 10.3.2017 jsme si ud\u011blali v\u00fdlet. Jeli jsme s Iggy k Ary Norje. V\u0161e prob\u011bhlo dob\u0159e a v p\u016flce kv\u011btna se m\u016f\u017eeme t\u011b\u0161it na Iggy prvn\u00ed \u0161t\u011b\u0148\u00e1tka. M\u016f\u017eeme o\u010dek\u00e1vat \u010dernob\u00edl\u00e1 \u0161t\u011b\u0148\u00e1tka s punt\u00edky P\u0159\u00edpadn\u00ed z\u00e1jemci pi\u0161te, volejte, p\u0159idejte se k n\u00e1m do skupina na <a href=\"https:\/\/www.facebook.com\/groups\/126464224093118\">FB<\/a> M\u016f\u017eete tam sledovat novinky.<\/p>\n","protected":false},"excerpt":{"rendered":"<p>V p\u00e1tek 10.3.2017 jsme si ud\u011blali v\u00fdlet. Jeli jsme s Iggy k Ary Norje. V\u0161e prob\u011bhlo dob\u0159e a v p\u016flce kv\u011btna se m\u016f\u017eeme t\u011b\u0161it na Iggy prvn\u00ed \u0161t\u011b\u0148\u00e1tka. M\u016f\u017eeme o\u010dek\u00e1vat \u010dernob\u00edl\u00e1 \u0161t\u011b\u0148\u00e1tka s punt\u00edky P\u0159\u00edpadn\u00ed z\u00e1jemci pi\u0161te, volejte, p\u0159idejte se k n\u00e1m do skupina na FB M\u016f\u017eete tam sledovat novinky.<\/p>\n","protected":false},"author":1,"featured_media":744,"comment_status":"closed","ping_status":"open","sticky":false,"template":"","format":"standard","meta":{"ngg_post_thumbnail":0,"footnotes":""},"categories":[30,7,5],"tags":[31,10,11],"class_list":["post-743","post","type-post","status-publish","format-standard","has-post-thumbnail","hentry","category-30","category-novinky","category-stenata","tag-31","tag-novinky","tag-stenata"],"_links":{"self":[{"href":"https:\/\/zelecsky-hradek.cz\/index.php\/wp-json\/wp\/v2\/posts\/743","targetHints":{"allow":["GET"]}}],"collection":[{"href":"https:\/\/zelecsky-hradek.cz\/index.php\/wp-json\/wp\/v2\/posts"}],"about":[{"href":"https:\/\/zelecsky-hradek.cz\/index.php\/wp-json\/wp\/v2\/types\/post"}],"author":[{"embeddable":true,"href":"https:\/\/zelecsky-hradek.cz\/index.php\/wp-json\/wp\/v2\/users\/1"}],"replies":[{"embeddable":true,"href":"https:\/\/zelecsky-hradek.cz\/index.php\/wp-json\/wp\/v2\/comments?post=743"}],"version-history":[{"count":1,"href":"https:\/\/zelecsky-hradek.cz\/index.php\/wp-json\/wp\/v2\/posts\/743\/revisions"}],"predecessor-version":[{"id":745,"href":"https:\/\/zelecsky-hradek.cz\/index.php\/wp-json\/wp\/v2\/posts\/743\/revisions\/745"}],"wp:featuredmedia":[{"embeddable":true,"href":"https:\/\/zelecsky-hradek.cz\/index.php\/wp-json\/wp\/v2\/media\/744"}],"wp:attachment":[{"href":"https:\/\/zelecsky-hradek.cz\/index.php\/wp-json\/wp\/v2\/media?parent=743"}],"wp:term":[{"taxonomy":"category","embeddable":true,"href":"https:\/\/zelecsky-hradek.cz\/index.php\/wp-json\/wp\/v2\/categories?post=743"},{"taxonomy":"post_tag","embeddable":true,"href":"https:\/\/zelecsky-hradek.cz\/index.php\/wp-json\/wp\/v2\/tags?post=743"}],"curies":[{"name":"wp","href":"https:\/\/api.w.org\/{rel}","templated":true}]}}