{"id":691,"date":"2016-10-01T08:37:00","date_gmt":"2016-10-01T06:37:00","guid":{"rendered":"https:\/\/zelecsky-hradek.cz\/?p=691"},"modified":"2024-03-10T08:48:06","modified_gmt":"2024-03-10T07:48:06","slug":"zelecsky-klan-na-mape","status":"publish","type":"post","link":"https:\/\/zelecsky-hradek.cz\/index.php\/2016\/10\/01\/zelecsky-klan-na-mape\/","title":{"rendered":"\u017dele\u010dsk\u00fd klan na map\u011b"},"content":{"rendered":"\n<p>Vytvo\u0159ili jsme pro v\u00e1s <a href=\"https:\/\/www.google.com\/maps\/@49.491495,11.0909036,6z\/data=!3m1!4b1!4m2!6m1!1s1FB9ch_gfJhiyXC49jvJHL6p4PrI?entry=ttu\" data-type=\"link\" data-id=\"https:\/\/www.google.com\/maps\/@49.491495,11.0909036,6z\/data=!3m1!4b1!4m2!6m1!1s1FB9ch_gfJhiyXC49jvJHL6p4PrI?entry=ttu\">mapu<\/a>, kde v\u0161ude m\u016f\u017eete naj\u00edt potomky \u017dele\u010dsk\u00e9ho hr\u00e1dku. Nena\u0161li jste se? Napi\u0161te n\u00e1s, r\u00e1di v\u00e1s p\u0159id\u00e1me.<\/p>\n\n\n\n<figure class=\"wp-block-image size-full\"><a href=\"https:\/\/www.google.com\/maps\/@49.491495,11.0909036,6z\/data=!3m1!4b1!4m2!6m1!1s1FB9ch_gfJhiyXC49jvJHL6p4PrI?entry=ttu\" target=\"_blank\" rel=\"noreferrer noopener\"><img loading=\"lazy\" decoding=\"async\" width=\"703\" height=\"446\" src=\"https:\/\/zelecsky-hradek.cz\/wp-content\/uploads\/2024\/03\/Snimek-obrazovky-2016-09-20-v-11.36.48.png\" alt=\"\" class=\"wp-image-692\" srcset=\"https:\/\/zelecsky-hradek.cz\/wp-content\/uploads\/2024\/03\/Snimek-obrazovky-2016-09-20-v-11.36.48.png 703w, https:\/\/zelecsky-hradek.cz\/wp-content\/uploads\/2024\/03\/Snimek-obrazovky-2016-09-20-v-11.36.48-300x190.png 300w\" sizes=\"auto, (max-width: 703px) 100vw, 703px\" \/><\/a><\/figure>\n","protected":false},"excerpt":{"rendered":"<p>Vytvo\u0159ili jsme pro v\u00e1s mapu, kde v\u0161ude m\u016f\u017eete naj\u00edt potomky \u017dele\u010dsk\u00e9ho hr\u00e1dku. Nena\u0161li jste se? Napi\u0161te n\u00e1s, r\u00e1di v\u00e1s p\u0159id\u00e1me.<\/p>\n","protected":false},"author":1,"featured_media":0,"comment_status":"closed","ping_status":"open","sticky":false,"template":"","format":"standard","meta":{"ngg_post_thumbnail":0,"footnotes":""},"categories":[28,18,7],"tags":[29,19,10],"class_list":["post-691","post","type-post","status-publish","format-standard","hentry","category-28","category-co-delaji-borderky","category-novinky","tag-29","tag-co-delaji-borderky","tag-novinky"],"_links":{"self":[{"href":"https:\/\/zelecsky-hradek.cz\/index.php\/wp-json\/wp\/v2\/posts\/691","targetHints":{"allow":["GET"]}}],"collection":[{"href":"https:\/\/zelecsky-hradek.cz\/index.php\/wp-json\/wp\/v2\/posts"}],"about":[{"href":"https:\/\/zelecsky-hradek.cz\/index.php\/wp-json\/wp\/v2\/types\/post"}],"author":[{"embeddable":true,"href":"https:\/\/zelecsky-hradek.cz\/index.php\/wp-json\/wp\/v2\/users\/1"}],"replies":[{"embeddable":true,"href":"https:\/\/zelecsky-hradek.cz\/index.php\/wp-json\/wp\/v2\/comments?post=691"}],"version-history":[{"count":1,"href":"https:\/\/zelecsky-hradek.cz\/index.php\/wp-json\/wp\/v2\/posts\/691\/revisions"}],"predecessor-version":[{"id":693,"href":"https:\/\/zelecsky-hradek.cz\/index.php\/wp-json\/wp\/v2\/posts\/691\/revisions\/693"}],"wp:attachment":[{"href":"https:\/\/zelecsky-hradek.cz\/index.php\/wp-json\/wp\/v2\/media?parent=691"}],"wp:term":[{"taxonomy":"category","embeddable":true,"href":"https:\/\/zelecsky-hradek.cz\/index.php\/wp-json\/wp\/v2\/categories?post=691"},{"taxonomy":"post_tag","embeddable":true,"href":"https:\/\/zelecsky-hradek.cz\/index.php\/wp-json\/wp\/v2\/tags?post=691"}],"curies":[{"name":"wp","href":"https:\/\/api.w.org\/{rel}","templated":true}]}}