{"id":647,"date":"2016-08-14T21:54:00","date_gmt":"2016-08-14T19:54:00","guid":{"rendered":"https:\/\/zelecsky-hradek.cz\/?p=647"},"modified":"2024-03-09T21:56:11","modified_gmt":"2024-03-09T20:56:11","slug":"predstavujeme-vam-vrh-l","status":"publish","type":"post","link":"https:\/\/zelecsky-hradek.cz\/index.php\/2016\/08\/14\/predstavujeme-vam-vrh-l\/","title":{"rendered":"P\u0159edstavujeme v\u00e1m vrh L"},"content":{"rendered":"\n<p>Vrh L \u2013 Daphne Haliba &amp; Artusch od Appaloosek<br>Tak a je to tady! Dnes dne 14. srpna 2016 se n\u00e1m narodila \u0161t\u011b\u0148\u00e1tka. Nad\u00edlka je to bohat\u00e1. M\u00e1me jich celkem 5. \u010cern\u00ed i hn\u011bd\u00ed, holky i kluci.<\/p>\n\n\n\n<p>Kdo je kdo se dozv\u00edte p\u0159i zv\u011bt\u0161en\u00ed fotek sta\u010d\u00ed kliknout na i kter\u00e9 je dole (te\u010f v\u00e1m prozrad\u00edm, \u017ee v prvn\u00edm \u0159\u00e1dku jsou v\u0161ichni zadan\u00ed a ve druh\u00e9m \u0159\u00e1dku voln\u00ed).<\/p>\n","protected":false},"excerpt":{"rendered":"<p>Vrh L \u2013 Daphne Haliba &amp; Artusch od AppaloosekTak a je to tady! Dnes dne 14. srpna 2016 se n\u00e1m narodila \u0161t\u011b\u0148\u00e1tka. Nad\u00edlka je to bohat\u00e1. M\u00e1me jich celkem 5. \u010cern\u00ed i hn\u011bd\u00ed, holky i kluci. Kdo je kdo se dozv\u00edte p\u0159i zv\u011bt\u0161en\u00ed fotek sta\u010d\u00ed kliknout na i kter\u00e9 je dole (te\u010f v\u00e1m prozrad\u00edm, \u017ee [&hellip;]<\/p>\n","protected":false},"author":1,"featured_media":0,"comment_status":"closed","ping_status":"open","sticky":false,"template":"","format":"standard","meta":{"ngg_post_thumbnail":0,"footnotes":""},"categories":[28,7,5],"tags":[29,10,11],"class_list":["post-647","post","type-post","status-publish","format-standard","hentry","category-28","category-novinky","category-stenata","tag-29","tag-novinky","tag-stenata"],"_links":{"self":[{"href":"https:\/\/zelecsky-hradek.cz\/index.php\/wp-json\/wp\/v2\/posts\/647","targetHints":{"allow":["GET"]}}],"collection":[{"href":"https:\/\/zelecsky-hradek.cz\/index.php\/wp-json\/wp\/v2\/posts"}],"about":[{"href":"https:\/\/zelecsky-hradek.cz\/index.php\/wp-json\/wp\/v2\/types\/post"}],"author":[{"embeddable":true,"href":"https:\/\/zelecsky-hradek.cz\/index.php\/wp-json\/wp\/v2\/users\/1"}],"replies":[{"embeddable":true,"href":"https:\/\/zelecsky-hradek.cz\/index.php\/wp-json\/wp\/v2\/comments?post=647"}],"version-history":[{"count":1,"href":"https:\/\/zelecsky-hradek.cz\/index.php\/wp-json\/wp\/v2\/posts\/647\/revisions"}],"predecessor-version":[{"id":648,"href":"https:\/\/zelecsky-hradek.cz\/index.php\/wp-json\/wp\/v2\/posts\/647\/revisions\/648"}],"wp:attachment":[{"href":"https:\/\/zelecsky-hradek.cz\/index.php\/wp-json\/wp\/v2\/media?parent=647"}],"wp:term":[{"taxonomy":"category","embeddable":true,"href":"https:\/\/zelecsky-hradek.cz\/index.php\/wp-json\/wp\/v2\/categories?post=647"},{"taxonomy":"post_tag","embeddable":true,"href":"https:\/\/zelecsky-hradek.cz\/index.php\/wp-json\/wp\/v2\/tags?post=647"}],"curies":[{"name":"wp","href":"https:\/\/api.w.org\/{rel}","templated":true}]}}