{"id":640,"date":"2016-07-29T21:45:00","date_gmt":"2016-07-29T19:45:00","guid":{"rendered":"https:\/\/zelecsky-hradek.cz\/?p=640"},"modified":"2024-03-09T21:46:46","modified_gmt":"2024-03-09T20:46:46","slug":"dafy-slavi-narozeniny-2","status":"publish","type":"post","link":"https:\/\/zelecsky-hradek.cz\/index.php\/2016\/07\/29\/dafy-slavi-narozeniny-2\/","title":{"rendered":"Dafy slav\u00ed narozeniny!"},"content":{"rendered":"\n<p>Dnes je to p\u0159esn\u011b 7 let, co na sv\u011bt p\u0159i\u0161la jako mal\u00e9 \u0161t\u011b\u0148\u00e1tko na\u0161e Dafinka Jak n\u00e1m vyrostla co? P\u0159ejeme ji dal\u0161\u00ed radostn\u011b str\u00e1ven\u00e1 l\u00e9ta a hlavn\u011b hodn\u011b zdrav\u00ed!<\/p>\n\n\n\n<figure class=\"wp-block-image size-full\"><img loading=\"lazy\" decoding=\"async\" width=\"768\" height=\"768\" src=\"https:\/\/zelecsky-hradek.cz\/wp-content\/uploads\/2024\/03\/13895183_653735431458821_3466184256425205902_n-768x768-1.jpg\" alt=\"\" class=\"wp-image-642\" srcset=\"https:\/\/zelecsky-hradek.cz\/wp-content\/uploads\/2024\/03\/13895183_653735431458821_3466184256425205902_n-768x768-1.jpg 768w, https:\/\/zelecsky-hradek.cz\/wp-content\/uploads\/2024\/03\/13895183_653735431458821_3466184256425205902_n-768x768-1-300x300.jpg 300w, https:\/\/zelecsky-hradek.cz\/wp-content\/uploads\/2024\/03\/13895183_653735431458821_3466184256425205902_n-768x768-1-150x150.jpg 150w\" sizes=\"auto, (max-width: 768px) 100vw, 768px\" \/><\/figure>\n\n\n","protected":false},"excerpt":{"rendered":"<p>Dnes je to p\u0159esn\u011b 7 let, co na sv\u011bt p\u0159i\u0161la jako mal\u00e9 \u0161t\u011b\u0148\u00e1tko na\u0161e Dafinka Jak n\u00e1m vyrostla co? P\u0159ejeme ji dal\u0161\u00ed radostn\u011b str\u00e1ven\u00e1 l\u00e9ta a hlavn\u011b hodn\u011b zdrav\u00ed!<\/p>\n","protected":false},"author":1,"featured_media":641,"comment_status":"closed","ping_status":"open","sticky":false,"template":"","format":"standard","meta":{"ngg_post_thumbnail":0,"footnotes":""},"categories":[28,18,7],"tags":[29,19,10],"class_list":["post-640","post","type-post","status-publish","format-standard","has-post-thumbnail","hentry","category-28","category-co-delaji-borderky","category-novinky","tag-29","tag-co-delaji-borderky","tag-novinky"],"_links":{"self":[{"href":"https:\/\/zelecsky-hradek.cz\/index.php\/wp-json\/wp\/v2\/posts\/640","targetHints":{"allow":["GET"]}}],"collection":[{"href":"https:\/\/zelecsky-hradek.cz\/index.php\/wp-json\/wp\/v2\/posts"}],"about":[{"href":"https:\/\/zelecsky-hradek.cz\/index.php\/wp-json\/wp\/v2\/types\/post"}],"author":[{"embeddable":true,"href":"https:\/\/zelecsky-hradek.cz\/index.php\/wp-json\/wp\/v2\/users\/1"}],"replies":[{"embeddable":true,"href":"https:\/\/zelecsky-hradek.cz\/index.php\/wp-json\/wp\/v2\/comments?post=640"}],"version-history":[{"count":1,"href":"https:\/\/zelecsky-hradek.cz\/index.php\/wp-json\/wp\/v2\/posts\/640\/revisions"}],"predecessor-version":[{"id":643,"href":"https:\/\/zelecsky-hradek.cz\/index.php\/wp-json\/wp\/v2\/posts\/640\/revisions\/643"}],"wp:featuredmedia":[{"embeddable":true,"href":"https:\/\/zelecsky-hradek.cz\/index.php\/wp-json\/wp\/v2\/media\/641"}],"wp:attachment":[{"href":"https:\/\/zelecsky-hradek.cz\/index.php\/wp-json\/wp\/v2\/media?parent=640"}],"wp:term":[{"taxonomy":"category","embeddable":true,"href":"https:\/\/zelecsky-hradek.cz\/index.php\/wp-json\/wp\/v2\/categories?post=640"},{"taxonomy":"post_tag","embeddable":true,"href":"https:\/\/zelecsky-hradek.cz\/index.php\/wp-json\/wp\/v2\/tags?post=640"}],"curies":[{"name":"wp","href":"https:\/\/api.w.org\/{rel}","templated":true}]}}