{"id":598,"date":"2016-01-19T21:21:00","date_gmt":"2016-01-19T20:21:00","guid":{"rendered":"https:\/\/zelecsky-hradek.cz\/?p=598"},"modified":"2024-03-09T21:23:28","modified_gmt":"2024-03-09T20:23:28","slug":"v-nedeli-se-zucastnime-bonitace","status":"publish","type":"post","link":"https:\/\/zelecsky-hradek.cz\/index.php\/2016\/01\/19\/v-nedeli-se-zucastnime-bonitace\/","title":{"rendered":"V ned\u011bli se z\u00fa\u010dastn\u00edme bonitace"},"content":{"rendered":"\n<p>Dobr\u00fd zimn\u00ed den v\u0161em<br>V ned\u011bli 24.1.2016 se s na\u0161\u00ed Iggy \u017dele\u010dcsk\u00fd hr\u00e1dek z\u00fa\u010dastn\u00edme bonitace v Praze. Koho tam z V\u00e1s potk\u00e1me?<\/p>\n\n\n\n<p>Ur\u010dit\u011b se k n\u00e1m hlaste, budeme r\u00e1di A m\u016f\u017eeme ud\u011blat i rodinnou fotku M\u011bjte se kr\u00e1sn\u011b, hodn\u011b \u00fasp\u011bch\u016f a v ned\u011bli navid\u011bnou.<\/p>\n","protected":false},"excerpt":{"rendered":"<p>Dobr\u00fd zimn\u00ed den v\u0161emV ned\u011bli 24.1.2016 se s na\u0161\u00ed Iggy \u017dele\u010dcsk\u00fd hr\u00e1dek z\u00fa\u010dastn\u00edme bonitace v Praze. Koho tam z V\u00e1s potk\u00e1me? Ur\u010dit\u011b se k n\u00e1m hlaste, budeme r\u00e1di A m\u016f\u017eeme ud\u011blat i rodinnou fotku M\u011bjte se kr\u00e1sn\u011b, hodn\u011b \u00fasp\u011bch\u016f a v ned\u011bli navid\u011bnou.<\/p>\n","protected":false},"author":1,"featured_media":599,"comment_status":"closed","ping_status":"open","sticky":false,"template":"","format":"standard","meta":{"ngg_post_thumbnail":0,"footnotes":""},"categories":[28,7],"tags":[29,10],"class_list":["post-598","post","type-post","status-publish","format-standard","has-post-thumbnail","hentry","category-28","category-novinky","tag-29","tag-novinky"],"_links":{"self":[{"href":"https:\/\/zelecsky-hradek.cz\/index.php\/wp-json\/wp\/v2\/posts\/598","targetHints":{"allow":["GET"]}}],"collection":[{"href":"https:\/\/zelecsky-hradek.cz\/index.php\/wp-json\/wp\/v2\/posts"}],"about":[{"href":"https:\/\/zelecsky-hradek.cz\/index.php\/wp-json\/wp\/v2\/types\/post"}],"author":[{"embeddable":true,"href":"https:\/\/zelecsky-hradek.cz\/index.php\/wp-json\/wp\/v2\/users\/1"}],"replies":[{"embeddable":true,"href":"https:\/\/zelecsky-hradek.cz\/index.php\/wp-json\/wp\/v2\/comments?post=598"}],"version-history":[{"count":1,"href":"https:\/\/zelecsky-hradek.cz\/index.php\/wp-json\/wp\/v2\/posts\/598\/revisions"}],"predecessor-version":[{"id":600,"href":"https:\/\/zelecsky-hradek.cz\/index.php\/wp-json\/wp\/v2\/posts\/598\/revisions\/600"}],"wp:featuredmedia":[{"embeddable":true,"href":"https:\/\/zelecsky-hradek.cz\/index.php\/wp-json\/wp\/v2\/media\/599"}],"wp:attachment":[{"href":"https:\/\/zelecsky-hradek.cz\/index.php\/wp-json\/wp\/v2\/media?parent=598"}],"wp:term":[{"taxonomy":"category","embeddable":true,"href":"https:\/\/zelecsky-hradek.cz\/index.php\/wp-json\/wp\/v2\/categories?post=598"},{"taxonomy":"post_tag","embeddable":true,"href":"https:\/\/zelecsky-hradek.cz\/index.php\/wp-json\/wp\/v2\/tags?post=598"}],"curies":[{"name":"wp","href":"https:\/\/api.w.org\/{rel}","templated":true}]}}