{"id":592,"date":"2015-12-13T21:13:00","date_gmt":"2015-12-13T20:13:00","guid":{"rendered":"https:\/\/zelecsky-hradek.cz\/?p=592"},"modified":"2024-03-09T21:15:37","modified_gmt":"2024-03-09T20:15:37","slug":"mame-zenicha-pro-eco","status":"publish","type":"post","link":"https:\/\/zelecsky-hradek.cz\/index.php\/2015\/12\/13\/mame-zenicha-pro-eco\/","title":{"rendered":"M\u00e1me \u017eenicha pro Eco"},"content":{"rendered":"\n<p class=\"has-text-align-center\">M\u00e1me pro V\u00e1s novinu! Tady je p\u00e1r informac\u00ed ohledn\u011b jarn\u00edch \u0161t\u011b\u0148\u00e1tek.<\/p>\n\n\n\n<p class=\"has-text-align-center\">Kryt\u00ed pl\u00e1nujeme na duben\/kv\u011bten. <br>M\u00e1ma: <a href=\"https:\/\/zelecsky-hradek.cz\/index.php\/nasi-pejsci\/eco\/\" data-type=\"page\" data-id=\"104\">Eco \u017dele\u010dsk\u00fd hr\u00e1dek <\/a><br>T\u00e1ta: Ikariam Alkyra<\/p>\n","protected":false},"excerpt":{"rendered":"<p>M\u00e1me pro V\u00e1s novinu! Tady je p\u00e1r informac\u00ed ohledn\u011b jarn\u00edch \u0161t\u011b\u0148\u00e1tek. Kryt\u00ed pl\u00e1nujeme na duben\/kv\u011bten. M\u00e1ma: Eco \u017dele\u010dsk\u00fd hr\u00e1dek T\u00e1ta: Ikariam Alkyra<\/p>\n","protected":false},"author":1,"featured_media":593,"comment_status":"closed","ping_status":"open","sticky":false,"template":"","format":"standard","meta":{"ngg_post_thumbnail":0,"footnotes":""},"categories":[27,7,5],"tags":[26,10,11],"class_list":["post-592","post","type-post","status-publish","format-standard","has-post-thumbnail","hentry","category-27","category-novinky","category-stenata","tag-26","tag-novinky","tag-stenata"],"_links":{"self":[{"href":"https:\/\/zelecsky-hradek.cz\/index.php\/wp-json\/wp\/v2\/posts\/592","targetHints":{"allow":["GET"]}}],"collection":[{"href":"https:\/\/zelecsky-hradek.cz\/index.php\/wp-json\/wp\/v2\/posts"}],"about":[{"href":"https:\/\/zelecsky-hradek.cz\/index.php\/wp-json\/wp\/v2\/types\/post"}],"author":[{"embeddable":true,"href":"https:\/\/zelecsky-hradek.cz\/index.php\/wp-json\/wp\/v2\/users\/1"}],"replies":[{"embeddable":true,"href":"https:\/\/zelecsky-hradek.cz\/index.php\/wp-json\/wp\/v2\/comments?post=592"}],"version-history":[{"count":1,"href":"https:\/\/zelecsky-hradek.cz\/index.php\/wp-json\/wp\/v2\/posts\/592\/revisions"}],"predecessor-version":[{"id":594,"href":"https:\/\/zelecsky-hradek.cz\/index.php\/wp-json\/wp\/v2\/posts\/592\/revisions\/594"}],"wp:featuredmedia":[{"embeddable":true,"href":"https:\/\/zelecsky-hradek.cz\/index.php\/wp-json\/wp\/v2\/media\/593"}],"wp:attachment":[{"href":"https:\/\/zelecsky-hradek.cz\/index.php\/wp-json\/wp\/v2\/media?parent=592"}],"wp:term":[{"taxonomy":"category","embeddable":true,"href":"https:\/\/zelecsky-hradek.cz\/index.php\/wp-json\/wp\/v2\/categories?post=592"},{"taxonomy":"post_tag","embeddable":true,"href":"https:\/\/zelecsky-hradek.cz\/index.php\/wp-json\/wp\/v2\/tags?post=592"}],"curies":[{"name":"wp","href":"https:\/\/api.w.org\/{rel}","templated":true}]}}