{"id":589,"date":"2015-10-15T21:11:00","date_gmt":"2015-10-15T19:11:00","guid":{"rendered":"https:\/\/zelecsky-hradek.cz\/?p=589"},"modified":"2024-03-09T21:13:26","modified_gmt":"2024-03-09T20:13:26","slug":"stenatka-planujeme-na-jare-2016","status":"publish","type":"post","link":"https:\/\/zelecsky-hradek.cz\/index.php\/2015\/10\/15\/stenatka-planujeme-na-jare-2016\/","title":{"rendered":"\u0160t\u011b\u0148\u00e1tka? Pl\u00e1nujeme na ja\u0159e 2016"},"content":{"rendered":"\n<p>Zdrav\u00edme V\u00e1s,<\/p>\n\n\n\n<p>r\u00e1di bychom uvedli v\u0161e na pravou m\u00edru. \u0160t\u011b\u0148\u00e1tka pl\u00e1novan\u00e1 na podzim se letos nevyda\u0159ila. To v\u00edte, p\u0159\u00edrod\u011b neporu\u010d\u00edte vy ani my.<\/p>\n\n\n\n<p>A tak se stalo, \u017ee Dafy nezab\u0159ezla. Ikdy\u017e to vypadalo nad\u011bjn\u011b, docela i p\u0159ib\u00edrala, jak dob\u0159e jsme ji krmili.<\/p>\n\n\n\n<p>To znamen\u00e1, \u017ee <strong>dal<\/strong><strong>\u0161<\/strong><strong>\u00ed kry<\/strong><strong>t\u00ed pl\u00e1nujeme na ja<\/strong><strong>\u0159<\/strong><strong>e (duben\/kv<\/strong><strong>\u011b<\/strong><strong>ten). Maminkou<br>bude Eco <\/strong>a t\u00e1ta? je je\u0161t\u011b v jedn\u00e1n\u00ed. Ur\u010dit\u011b V\u00e1s budeme zav\u010das informovat. Pokud m\u00e1te u\u017e te\u010f z\u00e1jem o jarn\u00ed \u0161t\u011b\u0148\u00e1tka, m\u016f\u017eete n\u00e1m u\u017e te\u010f napsat. Budeme r\u00e1di.<\/p>\n\n\n\n<p>M\u011bjte se kr\u00e1sn\u011b<\/p>\n","protected":false},"excerpt":{"rendered":"<p>Zdrav\u00edme V\u00e1s, r\u00e1di bychom uvedli v\u0161e na pravou m\u00edru. \u0160t\u011b\u0148\u00e1tka pl\u00e1novan\u00e1 na podzim se letos nevyda\u0159ila. To v\u00edte, p\u0159\u00edrod\u011b neporu\u010d\u00edte vy ani my. A tak se stalo, \u017ee Dafy nezab\u0159ezla. Ikdy\u017e to vypadalo nad\u011bjn\u011b, docela i p\u0159ib\u00edrala, jak dob\u0159e jsme ji krmili. To znamen\u00e1, \u017ee dal\u0161\u00ed kryt\u00ed pl\u00e1nujeme na ja\u0159e (duben\/kv\u011bten). Maminkoubude Eco a t\u00e1ta? [&hellip;]<\/p>\n","protected":false},"author":1,"featured_media":590,"comment_status":"closed","ping_status":"open","sticky":false,"template":"","format":"standard","meta":{"ngg_post_thumbnail":0,"footnotes":""},"categories":[27,7],"tags":[26,10],"class_list":["post-589","post","type-post","status-publish","format-standard","has-post-thumbnail","hentry","category-27","category-novinky","tag-26","tag-novinky"],"_links":{"self":[{"href":"https:\/\/zelecsky-hradek.cz\/index.php\/wp-json\/wp\/v2\/posts\/589","targetHints":{"allow":["GET"]}}],"collection":[{"href":"https:\/\/zelecsky-hradek.cz\/index.php\/wp-json\/wp\/v2\/posts"}],"about":[{"href":"https:\/\/zelecsky-hradek.cz\/index.php\/wp-json\/wp\/v2\/types\/post"}],"author":[{"embeddable":true,"href":"https:\/\/zelecsky-hradek.cz\/index.php\/wp-json\/wp\/v2\/users\/1"}],"replies":[{"embeddable":true,"href":"https:\/\/zelecsky-hradek.cz\/index.php\/wp-json\/wp\/v2\/comments?post=589"}],"version-history":[{"count":1,"href":"https:\/\/zelecsky-hradek.cz\/index.php\/wp-json\/wp\/v2\/posts\/589\/revisions"}],"predecessor-version":[{"id":591,"href":"https:\/\/zelecsky-hradek.cz\/index.php\/wp-json\/wp\/v2\/posts\/589\/revisions\/591"}],"wp:featuredmedia":[{"embeddable":true,"href":"https:\/\/zelecsky-hradek.cz\/index.php\/wp-json\/wp\/v2\/media\/590"}],"wp:attachment":[{"href":"https:\/\/zelecsky-hradek.cz\/index.php\/wp-json\/wp\/v2\/media?parent=589"}],"wp:term":[{"taxonomy":"category","embeddable":true,"href":"https:\/\/zelecsky-hradek.cz\/index.php\/wp-json\/wp\/v2\/categories?post=589"},{"taxonomy":"post_tag","embeddable":true,"href":"https:\/\/zelecsky-hradek.cz\/index.php\/wp-json\/wp\/v2\/tags?post=589"}],"curies":[{"name":"wp","href":"https:\/\/api.w.org\/{rel}","templated":true}]}}