{"id":570,"date":"2015-03-14T20:59:00","date_gmt":"2015-03-14T19:59:00","guid":{"rendered":"https:\/\/zelecsky-hradek.cz\/?p=570"},"modified":"2024-03-09T21:00:30","modified_gmt":"2024-03-09T20:00:30","slug":"eco-je-uz-30-dni-brezi","status":"publish","type":"post","link":"https:\/\/zelecsky-hradek.cz\/index.php\/2015\/03\/14\/eco-je-uz-30-dni-brezi\/","title":{"rendered":"Eco je u\u017e 30 dn\u00ed b\u0159ez\u00ed !"},"content":{"rendered":"\n<p>Ano ano, za m\u011bs\u00edc touto dobou u\u017e tu budou! Kdo? no p\u0159ece mal\u00ed drobe\u010dci po Eco a P\u00edtkovi M\u016f\u017eete se t\u011b\u0161it na spoustu fotek, kter\u00fdma v\u00e1s budeme pravideln\u011b z\u00e1sobovat. Pokud chcete sledovat sv\u00e9 \u0161t\u011b\u0148\u00e1tko a je\u0161t\u011b ho nem\u00e1te zamluven\u00e9 &#8230; nejvy\u0161\u0161\u00ed \u010das tak ud\u011blat Z\u00e1jemci se hrnou, tak a\u0165 m\u00e1te z \u010deho vyb\u00edrat<\/p>\n\n\n\n<p>Tady p\u0159ikl\u00e1d\u00e1me foto na\u0161\u00ed maminy.<\/p>\n","protected":false},"excerpt":{"rendered":"<p>Ano ano, za m\u011bs\u00edc touto dobou u\u017e tu budou! Kdo? no p\u0159ece mal\u00ed drobe\u010dci po Eco a P\u00edtkovi M\u016f\u017eete se t\u011b\u0161it na spoustu fotek, kter\u00fdma v\u00e1s budeme pravideln\u011b z\u00e1sobovat. Pokud chcete sledovat sv\u00e9 \u0161t\u011b\u0148\u00e1tko a je\u0161t\u011b ho nem\u00e1te zamluven\u00e9 &#8230; nejvy\u0161\u0161\u00ed \u010das tak ud\u011blat Z\u00e1jemci se hrnou, tak a\u0165 m\u00e1te z \u010deho vyb\u00edrat Tady p\u0159ikl\u00e1d\u00e1me [&hellip;]<\/p>\n","protected":false},"author":1,"featured_media":571,"comment_status":"closed","ping_status":"open","sticky":false,"template":"","format":"standard","meta":{"ngg_post_thumbnail":0,"footnotes":""},"categories":[27,7,5],"tags":[26,10,11],"class_list":["post-570","post","type-post","status-publish","format-standard","has-post-thumbnail","hentry","category-27","category-novinky","category-stenata","tag-26","tag-novinky","tag-stenata"],"_links":{"self":[{"href":"https:\/\/zelecsky-hradek.cz\/index.php\/wp-json\/wp\/v2\/posts\/570","targetHints":{"allow":["GET"]}}],"collection":[{"href":"https:\/\/zelecsky-hradek.cz\/index.php\/wp-json\/wp\/v2\/posts"}],"about":[{"href":"https:\/\/zelecsky-hradek.cz\/index.php\/wp-json\/wp\/v2\/types\/post"}],"author":[{"embeddable":true,"href":"https:\/\/zelecsky-hradek.cz\/index.php\/wp-json\/wp\/v2\/users\/1"}],"replies":[{"embeddable":true,"href":"https:\/\/zelecsky-hradek.cz\/index.php\/wp-json\/wp\/v2\/comments?post=570"}],"version-history":[{"count":1,"href":"https:\/\/zelecsky-hradek.cz\/index.php\/wp-json\/wp\/v2\/posts\/570\/revisions"}],"predecessor-version":[{"id":572,"href":"https:\/\/zelecsky-hradek.cz\/index.php\/wp-json\/wp\/v2\/posts\/570\/revisions\/572"}],"wp:featuredmedia":[{"embeddable":true,"href":"https:\/\/zelecsky-hradek.cz\/index.php\/wp-json\/wp\/v2\/media\/571"}],"wp:attachment":[{"href":"https:\/\/zelecsky-hradek.cz\/index.php\/wp-json\/wp\/v2\/media?parent=570"}],"wp:term":[{"taxonomy":"category","embeddable":true,"href":"https:\/\/zelecsky-hradek.cz\/index.php\/wp-json\/wp\/v2\/categories?post=570"},{"taxonomy":"post_tag","embeddable":true,"href":"https:\/\/zelecsky-hradek.cz\/index.php\/wp-json\/wp\/v2\/tags?post=570"}],"curies":[{"name":"wp","href":"https:\/\/api.w.org\/{rel}","templated":true}]}}