{"id":558,"date":"2015-02-15T19:46:00","date_gmt":"2015-02-15T18:46:00","guid":{"rendered":"https:\/\/zelecsky-hradek.cz\/?p=558"},"modified":"2024-03-09T19:48:04","modified_gmt":"2024-03-09T18:48:04","slug":"na-obzoru-je-fesak-aneb-stenatka-budou","status":"publish","type":"post","link":"https:\/\/zelecsky-hradek.cz\/index.php\/2015\/02\/15\/na-obzoru-je-fesak-aneb-stenatka-budou\/","title":{"rendered":"Na obzoru je fe\u0161\u00e1k \u2013 aneb \u0161t\u011b\u0148\u00e1tka budou !"},"content":{"rendered":"\n<p>A je to tu! Jsme v o\u010dek\u00e1v\u00e1n\u00ed stejn\u011b jako na\u0161e Eco. V dubnu o\u010dek\u00e1v\u00e1me \u0161t\u011b\u0148\u00e1tka po Hummer Mintaka Pitr\u00edsek a po Eco \u017dele\u010dsk\u00fd hr\u00e1dek. Min\u2010<\/p>\n\n\n\n<p>ul\u00e1 \u0161t\u011b\u0148\u00e1tka se po t\u00e9to dvojici opravdu povedla! Tak\u017ee se m\u00e1te na co t\u011b\u0161it!<\/p>\n\n\n\n<p><\/p>\n\n\n\n<figure class=\"wp-block-gallery has-nested-images columns-default is-cropped wp-block-gallery-1 is-layout-flex wp-block-gallery-is-layout-flex\">\n<figure class=\"wp-block-image size-full\"><img loading=\"lazy\" decoding=\"async\" width=\"249\" height=\"300\" data-id=\"560\" src=\"https:\/\/zelecsky-hradek.cz\/wp-content\/uploads\/2024\/03\/6026801_orig-249x300-1.jpg\" alt=\"\" class=\"wp-image-560\"\/><\/figure>\n\n\n\n<figure class=\"wp-block-image size-full\"><img loading=\"lazy\" decoding=\"async\" width=\"300\" height=\"245\" data-id=\"559\" src=\"https:\/\/zelecsky-hradek.cz\/wp-content\/uploads\/2024\/03\/PA186362-300x245-1.jpg\" alt=\"\" class=\"wp-image-559\"\/><\/figure>\n<\/figure>\n","protected":false},"excerpt":{"rendered":"<p>A je to tu! Jsme v o\u010dek\u00e1v\u00e1n\u00ed stejn\u011b jako na\u0161e Eco. V dubnu o\u010dek\u00e1v\u00e1me \u0161t\u011b\u0148\u00e1tka po Hummer Mintaka Pitr\u00edsek a po Eco \u017dele\u010dsk\u00fd hr\u00e1dek. Min\u2010 ul\u00e1 \u0161t\u011b\u0148\u00e1tka se po t\u00e9to dvojici opravdu povedla! Tak\u017ee se m\u00e1te na co t\u011b\u0161it!<\/p>\n","protected":false},"author":1,"featured_media":559,"comment_status":"closed","ping_status":"open","sticky":false,"template":"","format":"standard","meta":{"ngg_post_thumbnail":0,"footnotes":""},"categories":[27,7,5],"tags":[26,10,11],"class_list":["post-558","post","type-post","status-publish","format-standard","has-post-thumbnail","hentry","category-27","category-novinky","category-stenata","tag-26","tag-novinky","tag-stenata"],"_links":{"self":[{"href":"https:\/\/zelecsky-hradek.cz\/index.php\/wp-json\/wp\/v2\/posts\/558","targetHints":{"allow":["GET"]}}],"collection":[{"href":"https:\/\/zelecsky-hradek.cz\/index.php\/wp-json\/wp\/v2\/posts"}],"about":[{"href":"https:\/\/zelecsky-hradek.cz\/index.php\/wp-json\/wp\/v2\/types\/post"}],"author":[{"embeddable":true,"href":"https:\/\/zelecsky-hradek.cz\/index.php\/wp-json\/wp\/v2\/users\/1"}],"replies":[{"embeddable":true,"href":"https:\/\/zelecsky-hradek.cz\/index.php\/wp-json\/wp\/v2\/comments?post=558"}],"version-history":[{"count":1,"href":"https:\/\/zelecsky-hradek.cz\/index.php\/wp-json\/wp\/v2\/posts\/558\/revisions"}],"predecessor-version":[{"id":561,"href":"https:\/\/zelecsky-hradek.cz\/index.php\/wp-json\/wp\/v2\/posts\/558\/revisions\/561"}],"wp:featuredmedia":[{"embeddable":true,"href":"https:\/\/zelecsky-hradek.cz\/index.php\/wp-json\/wp\/v2\/media\/559"}],"wp:attachment":[{"href":"https:\/\/zelecsky-hradek.cz\/index.php\/wp-json\/wp\/v2\/media?parent=558"}],"wp:term":[{"taxonomy":"category","embeddable":true,"href":"https:\/\/zelecsky-hradek.cz\/index.php\/wp-json\/wp\/v2\/categories?post=558"},{"taxonomy":"post_tag","embeddable":true,"href":"https:\/\/zelecsky-hradek.cz\/index.php\/wp-json\/wp\/v2\/tags?post=558"}],"curies":[{"name":"wp","href":"https:\/\/api.w.org\/{rel}","templated":true}]}}