{"id":516,"date":"2014-11-08T18:50:00","date_gmt":"2014-11-08T17:50:00","guid":{"rendered":"https:\/\/zelecsky-hradek.cz\/?p=516"},"modified":"2024-03-08T18:54:37","modified_gmt":"2024-03-08T17:54:37","slug":"a-je-to-tu-vrh-j-je-na-svete","status":"publish","type":"post","link":"https:\/\/zelecsky-hradek.cz\/index.php\/2014\/11\/08\/a-je-to-tu-vrh-j-je-na-svete\/","title":{"rendered":"A je to tu! Vrh J je na sv\u011bt\u011b!"},"content":{"rendered":"\n<p class=\"has-text-align-center\"><strong>Dnes 8.11.2014 se Dafy a Joyovi narodilo 7 <\/strong>kr\u00e1sn\u00fdch v\u0161ebarevn\u00fdch <strong>\u0161<\/strong><strong>t<\/strong><strong>\u011b\u0148<\/strong><strong>\u00e1tek <\/strong>A nad\u00edlka je to bohat\u00e1. Jsou to 4 holky a 3 kluci.<br>A jak kdo vypad\u00e1?<br><strong>Holky jsou<\/strong>: 1 \u010dernob\u00edl\u00e1, 2 blue merle, 1 slate merle<br><strong>Kluci jsou<\/strong>: 1 hn\u011bdob\u00edl\u00fd, 1 \u010dernob\u00edl\u00fd, 1 blue merle<\/p>\n","protected":false},"excerpt":{"rendered":"<p>Dnes 8.11.2014 se Dafy a Joyovi narodilo 7 kr\u00e1sn\u00fdch v\u0161ebarevn\u00fdch \u0161t\u011b\u0148\u00e1tek A nad\u00edlka je to bohat\u00e1. Jsou to 4 holky a 3 kluci.A jak kdo vypad\u00e1?Holky jsou: 1 \u010dernob\u00edl\u00e1, 2 blue merle, 1 slate merleKluci jsou: 1 hn\u011bdob\u00edl\u00fd, 1 \u010dernob\u00edl\u00fd, 1 blue merle<\/p>\n","protected":false},"author":1,"featured_media":517,"comment_status":"closed","ping_status":"open","sticky":false,"template":"","format":"standard","meta":{"ngg_post_thumbnail":0,"footnotes":""},"categories":[22,7,5],"tags":[23,10,11],"class_list":["post-516","post","type-post","status-publish","format-standard","has-post-thumbnail","hentry","category-22","category-novinky","category-stenata","tag-23","tag-novinky","tag-stenata"],"_links":{"self":[{"href":"https:\/\/zelecsky-hradek.cz\/index.php\/wp-json\/wp\/v2\/posts\/516","targetHints":{"allow":["GET"]}}],"collection":[{"href":"https:\/\/zelecsky-hradek.cz\/index.php\/wp-json\/wp\/v2\/posts"}],"about":[{"href":"https:\/\/zelecsky-hradek.cz\/index.php\/wp-json\/wp\/v2\/types\/post"}],"author":[{"embeddable":true,"href":"https:\/\/zelecsky-hradek.cz\/index.php\/wp-json\/wp\/v2\/users\/1"}],"replies":[{"embeddable":true,"href":"https:\/\/zelecsky-hradek.cz\/index.php\/wp-json\/wp\/v2\/comments?post=516"}],"version-history":[{"count":1,"href":"https:\/\/zelecsky-hradek.cz\/index.php\/wp-json\/wp\/v2\/posts\/516\/revisions"}],"predecessor-version":[{"id":518,"href":"https:\/\/zelecsky-hradek.cz\/index.php\/wp-json\/wp\/v2\/posts\/516\/revisions\/518"}],"wp:featuredmedia":[{"embeddable":true,"href":"https:\/\/zelecsky-hradek.cz\/index.php\/wp-json\/wp\/v2\/media\/517"}],"wp:attachment":[{"href":"https:\/\/zelecsky-hradek.cz\/index.php\/wp-json\/wp\/v2\/media?parent=516"}],"wp:term":[{"taxonomy":"category","embeddable":true,"href":"https:\/\/zelecsky-hradek.cz\/index.php\/wp-json\/wp\/v2\/categories?post=516"},{"taxonomy":"post_tag","embeddable":true,"href":"https:\/\/zelecsky-hradek.cz\/index.php\/wp-json\/wp\/v2\/tags?post=516"}],"curies":[{"name":"wp","href":"https:\/\/api.w.org\/{rel}","templated":true}]}}