{"id":487,"date":"2014-09-07T14:05:00","date_gmt":"2014-09-07T12:05:00","guid":{"rendered":"https:\/\/zelecsky-hradek.cz\/?p=487"},"modified":"2024-03-08T14:07:59","modified_gmt":"2024-03-08T13:07:59","slug":"video-stenatka-maji-4-tydny","status":"publish","type":"post","link":"https:\/\/zelecsky-hradek.cz\/index.php\/2014\/09\/07\/video-stenatka-maji-4-tydny\/","title":{"rendered":"VIDEO: \u0160t\u011b\u0148\u00e1tka maj\u00ed 4 t\u00fddny"},"content":{"rendered":"\n<p>\u010cas let\u00ed jako voda a na\u0161e \u0161t\u011b\u0148\u00e1tka vesele objevuj\u00ed sv\u011bt venku. B\u011bhaj\u00ed, tahaj\u00ed se, zaj\u00edmaj\u00ed se o bal\u00f3nky i o ko\u010di\u010dku. V\u0161ichni se maj\u00ed \u010dile k sv\u011btu, jako d\u016fkaz je tu video.<\/p>\n\n\n\n<figure class=\"wp-block-embed is-type-video is-provider-youtube wp-block-embed-youtube wp-embed-aspect-16-9 wp-has-aspect-ratio\"><div class=\"wp-block-embed__wrapper\">\n<iframe loading=\"lazy\" title=\"\u0161t\u011b\u0148\u00e1tka 4 t\u00fddny, Vrh I - Chovn\u00e1 stanice \u017dele\u010dsk\u00fd hr\u00e1dek\" width=\"500\" height=\"281\" src=\"https:\/\/www.youtube.com\/embed\/LqrJ5zyRz_c?feature=oembed\" frameborder=\"0\" allow=\"accelerometer; autoplay; clipboard-write; encrypted-media; gyroscope; picture-in-picture; web-share\" referrerpolicy=\"strict-origin-when-cross-origin\" allowfullscreen><\/iframe>\n<\/div><\/figure>\n","protected":false},"excerpt":{"rendered":"<p>\u010cas let\u00ed jako voda a na\u0161e \u0161t\u011b\u0148\u00e1tka vesele objevuj\u00ed sv\u011bt venku. B\u011bhaj\u00ed, tahaj\u00ed se, zaj\u00edmaj\u00ed se o bal\u00f3nky i o ko\u010di\u010dku. V\u0161ichni se maj\u00ed \u010dile k sv\u011btu, jako d\u016fkaz je tu video.<\/p>\n","protected":false},"author":1,"featured_media":0,"comment_status":"closed","ping_status":"open","sticky":false,"template":"","format":"standard","meta":{"ngg_post_thumbnail":0,"footnotes":""},"categories":[22,7,5],"tags":[23,10,11],"class_list":["post-487","post","type-post","status-publish","format-standard","hentry","category-22","category-novinky","category-stenata","tag-23","tag-novinky","tag-stenata"],"_links":{"self":[{"href":"https:\/\/zelecsky-hradek.cz\/index.php\/wp-json\/wp\/v2\/posts\/487","targetHints":{"allow":["GET"]}}],"collection":[{"href":"https:\/\/zelecsky-hradek.cz\/index.php\/wp-json\/wp\/v2\/posts"}],"about":[{"href":"https:\/\/zelecsky-hradek.cz\/index.php\/wp-json\/wp\/v2\/types\/post"}],"author":[{"embeddable":true,"href":"https:\/\/zelecsky-hradek.cz\/index.php\/wp-json\/wp\/v2\/users\/1"}],"replies":[{"embeddable":true,"href":"https:\/\/zelecsky-hradek.cz\/index.php\/wp-json\/wp\/v2\/comments?post=487"}],"version-history":[{"count":1,"href":"https:\/\/zelecsky-hradek.cz\/index.php\/wp-json\/wp\/v2\/posts\/487\/revisions"}],"predecessor-version":[{"id":488,"href":"https:\/\/zelecsky-hradek.cz\/index.php\/wp-json\/wp\/v2\/posts\/487\/revisions\/488"}],"wp:attachment":[{"href":"https:\/\/zelecsky-hradek.cz\/index.php\/wp-json\/wp\/v2\/media?parent=487"}],"wp:term":[{"taxonomy":"category","embeddable":true,"href":"https:\/\/zelecsky-hradek.cz\/index.php\/wp-json\/wp\/v2\/categories?post=487"},{"taxonomy":"post_tag","embeddable":true,"href":"https:\/\/zelecsky-hradek.cz\/index.php\/wp-json\/wp\/v2\/tags?post=487"}],"curies":[{"name":"wp","href":"https:\/\/api.w.org\/{rel}","templated":true}]}}