{"id":468,"date":"2014-08-09T13:58:00","date_gmt":"2014-08-09T11:58:00","guid":{"rendered":"https:\/\/zelecsky-hradek.cz\/?p=468"},"modified":"2024-03-08T13:59:22","modified_gmt":"2024-03-08T12:59:22","slug":"uz-jsou-na-svete","status":"publish","type":"post","link":"https:\/\/zelecsky-hradek.cz\/index.php\/2014\/08\/09\/uz-jsou-na-svete\/","title":{"rendered":"U\u017e jsou na sv\u011bt\u011b!"},"content":{"rendered":"\n<p>Na v\u011bdomost se d\u00e1v\u00e1, \u017ee v\u010der\u00e1 dne 8. 8. 2014 se v \u017dele\u010dsk\u00e9m hr\u00e1dku narodilo zdrav\u00fdch a kr\u00e1sn\u00fdch 6 \u0161t\u011b\u0148\u00e1tek Jsou to 2 holky a 4 kluci! V\u0161em se da\u0159\u00ed moc dob\u0159e a maj\u00ed se \u010dile k sv\u011btu. V\u00edce fote\u010dek p\u0159id\u00e1me ji\u017e brzy.<\/p>\n","protected":false},"excerpt":{"rendered":"<p>Na v\u011bdomost se d\u00e1v\u00e1, \u017ee v\u010der\u00e1 dne 8. 8. 2014 se v \u017dele\u010dsk\u00e9m hr\u00e1dku narodilo zdrav\u00fdch a kr\u00e1sn\u00fdch 6 \u0161t\u011b\u0148\u00e1tek Jsou to 2 holky a 4 kluci! V\u0161em se da\u0159\u00ed moc dob\u0159e a maj\u00ed se \u010dile k sv\u011btu. V\u00edce fote\u010dek p\u0159id\u00e1me ji\u017e brzy.<\/p>\n","protected":false},"author":1,"featured_media":469,"comment_status":"closed","ping_status":"closed","sticky":false,"template":"","format":"standard","meta":{"ngg_post_thumbnail":0,"footnotes":""},"categories":[22,7,5],"tags":[23,10,11],"class_list":["post-468","post","type-post","status-publish","format-standard","has-post-thumbnail","hentry","category-22","category-novinky","category-stenata","tag-23","tag-novinky","tag-stenata"],"_links":{"self":[{"href":"https:\/\/zelecsky-hradek.cz\/index.php\/wp-json\/wp\/v2\/posts\/468","targetHints":{"allow":["GET"]}}],"collection":[{"href":"https:\/\/zelecsky-hradek.cz\/index.php\/wp-json\/wp\/v2\/posts"}],"about":[{"href":"https:\/\/zelecsky-hradek.cz\/index.php\/wp-json\/wp\/v2\/types\/post"}],"author":[{"embeddable":true,"href":"https:\/\/zelecsky-hradek.cz\/index.php\/wp-json\/wp\/v2\/users\/1"}],"replies":[{"embeddable":true,"href":"https:\/\/zelecsky-hradek.cz\/index.php\/wp-json\/wp\/v2\/comments?post=468"}],"version-history":[{"count":1,"href":"https:\/\/zelecsky-hradek.cz\/index.php\/wp-json\/wp\/v2\/posts\/468\/revisions"}],"predecessor-version":[{"id":470,"href":"https:\/\/zelecsky-hradek.cz\/index.php\/wp-json\/wp\/v2\/posts\/468\/revisions\/470"}],"wp:featuredmedia":[{"embeddable":true,"href":"https:\/\/zelecsky-hradek.cz\/index.php\/wp-json\/wp\/v2\/media\/469"}],"wp:attachment":[{"href":"https:\/\/zelecsky-hradek.cz\/index.php\/wp-json\/wp\/v2\/media?parent=468"}],"wp:term":[{"taxonomy":"category","embeddable":true,"href":"https:\/\/zelecsky-hradek.cz\/index.php\/wp-json\/wp\/v2\/categories?post=468"},{"taxonomy":"post_tag","embeddable":true,"href":"https:\/\/zelecsky-hradek.cz\/index.php\/wp-json\/wp\/v2\/tags?post=468"}],"curies":[{"name":"wp","href":"https:\/\/api.w.org\/{rel}","templated":true}]}}