{"id":465,"date":"2014-08-04T13:57:00","date_gmt":"2014-08-04T11:57:00","guid":{"rendered":"https:\/\/zelecsky-hradek.cz\/?p=465"},"modified":"2024-03-08T13:58:22","modified_gmt":"2024-03-08T12:58:22","slug":"eco-uz-se-nemuze-dockat-a-co-vy","status":"publish","type":"post","link":"https:\/\/zelecsky-hradek.cz\/index.php\/2014\/08\/04\/eco-uz-se-nemuze-dockat-a-co-vy\/","title":{"rendered":"Eco u\u017e se nem\u016f\u017ee do\u010dkat a co vy?!"},"content":{"rendered":"\n<p>Eco u\u017e se nem\u016f\u017ee do\u010dkat a\u017e ta \u0161t\u011b\u0148\u00e1tka vyklop\u00ed na sv\u011bt a co vy? taky se u\u017e nem\u016f\u017eete do\u010dkat? Za t\u00fdden u\u017e m\u00e1 Eco term\u00edn &#8230; tak n\u00e1s sle\u2010 dujte a\u017e se s V\u00e1mi m\u016f\u017eeme pod\u011blit o ty mal\u00e9 tvore\u010dky.<\/p>\n","protected":false},"excerpt":{"rendered":"<p>Eco u\u017e se nem\u016f\u017ee do\u010dkat a\u017e ta \u0161t\u011b\u0148\u00e1tka vyklop\u00ed na sv\u011bt a co vy? taky se u\u017e nem\u016f\u017eete do\u010dkat? Za t\u00fdden u\u017e m\u00e1 Eco term\u00edn &#8230; tak n\u00e1s sle\u2010 dujte a\u017e se s V\u00e1mi m\u016f\u017eeme pod\u011blit o ty mal\u00e9 tvore\u010dky.<\/p>\n","protected":false},"author":1,"featured_media":466,"comment_status":"closed","ping_status":"closed","sticky":false,"template":"","format":"standard","meta":{"ngg_post_thumbnail":0,"footnotes":""},"categories":[22,7,5],"tags":[23,10,11],"class_list":["post-465","post","type-post","status-publish","format-standard","has-post-thumbnail","hentry","category-22","category-novinky","category-stenata","tag-23","tag-novinky","tag-stenata"],"_links":{"self":[{"href":"https:\/\/zelecsky-hradek.cz\/index.php\/wp-json\/wp\/v2\/posts\/465","targetHints":{"allow":["GET"]}}],"collection":[{"href":"https:\/\/zelecsky-hradek.cz\/index.php\/wp-json\/wp\/v2\/posts"}],"about":[{"href":"https:\/\/zelecsky-hradek.cz\/index.php\/wp-json\/wp\/v2\/types\/post"}],"author":[{"embeddable":true,"href":"https:\/\/zelecsky-hradek.cz\/index.php\/wp-json\/wp\/v2\/users\/1"}],"replies":[{"embeddable":true,"href":"https:\/\/zelecsky-hradek.cz\/index.php\/wp-json\/wp\/v2\/comments?post=465"}],"version-history":[{"count":1,"href":"https:\/\/zelecsky-hradek.cz\/index.php\/wp-json\/wp\/v2\/posts\/465\/revisions"}],"predecessor-version":[{"id":467,"href":"https:\/\/zelecsky-hradek.cz\/index.php\/wp-json\/wp\/v2\/posts\/465\/revisions\/467"}],"wp:featuredmedia":[{"embeddable":true,"href":"https:\/\/zelecsky-hradek.cz\/index.php\/wp-json\/wp\/v2\/media\/466"}],"wp:attachment":[{"href":"https:\/\/zelecsky-hradek.cz\/index.php\/wp-json\/wp\/v2\/media?parent=465"}],"wp:term":[{"taxonomy":"category","embeddable":true,"href":"https:\/\/zelecsky-hradek.cz\/index.php\/wp-json\/wp\/v2\/categories?post=465"},{"taxonomy":"post_tag","embeddable":true,"href":"https:\/\/zelecsky-hradek.cz\/index.php\/wp-json\/wp\/v2\/tags?post=465"}],"curies":[{"name":"wp","href":"https:\/\/api.w.org\/{rel}","templated":true}]}}