{"id":462,"date":"2014-07-29T13:55:00","date_gmt":"2014-07-29T11:55:00","guid":{"rendered":"https:\/\/zelecsky-hradek.cz\/?p=462"},"modified":"2024-03-08T13:57:09","modified_gmt":"2024-03-08T12:57:09","slug":"dafy-slavi-narozeniny","status":"publish","type":"post","link":"https:\/\/zelecsky-hradek.cz\/index.php\/2014\/07\/29\/dafy-slavi-narozeniny\/","title":{"rendered":"Dafy slav\u00ed narozeniny"},"content":{"rendered":"\n<p>Na\u0161e Dafynka dnes slav\u00ed sv\u00e9 5. narozeniny. P\u0159ejeme ji hodn\u011b \u0161t\u011bst\u00ed a zdrav\u00ed Ur\u010dit\u011b dostame i n\u011bjakou tu dobrotu od n\u00e1s.<\/p>\n","protected":false},"excerpt":{"rendered":"<p>Na\u0161e Dafynka dnes slav\u00ed sv\u00e9 5. narozeniny. P\u0159ejeme ji hodn\u011b \u0161t\u011bst\u00ed a zdrav\u00ed Ur\u010dit\u011b dostame i n\u011bjakou tu dobrotu od n\u00e1s.<\/p>\n","protected":false},"author":1,"featured_media":463,"comment_status":"closed","ping_status":"closed","sticky":false,"template":"","format":"standard","meta":{"ngg_post_thumbnail":0,"footnotes":""},"categories":[22,18,7],"tags":[23,19,10],"class_list":["post-462","post","type-post","status-publish","format-standard","has-post-thumbnail","hentry","category-22","category-co-delaji-borderky","category-novinky","tag-23","tag-co-delaji-borderky","tag-novinky"],"_links":{"self":[{"href":"https:\/\/zelecsky-hradek.cz\/index.php\/wp-json\/wp\/v2\/posts\/462","targetHints":{"allow":["GET"]}}],"collection":[{"href":"https:\/\/zelecsky-hradek.cz\/index.php\/wp-json\/wp\/v2\/posts"}],"about":[{"href":"https:\/\/zelecsky-hradek.cz\/index.php\/wp-json\/wp\/v2\/types\/post"}],"author":[{"embeddable":true,"href":"https:\/\/zelecsky-hradek.cz\/index.php\/wp-json\/wp\/v2\/users\/1"}],"replies":[{"embeddable":true,"href":"https:\/\/zelecsky-hradek.cz\/index.php\/wp-json\/wp\/v2\/comments?post=462"}],"version-history":[{"count":1,"href":"https:\/\/zelecsky-hradek.cz\/index.php\/wp-json\/wp\/v2\/posts\/462\/revisions"}],"predecessor-version":[{"id":464,"href":"https:\/\/zelecsky-hradek.cz\/index.php\/wp-json\/wp\/v2\/posts\/462\/revisions\/464"}],"wp:featuredmedia":[{"embeddable":true,"href":"https:\/\/zelecsky-hradek.cz\/index.php\/wp-json\/wp\/v2\/media\/463"}],"wp:attachment":[{"href":"https:\/\/zelecsky-hradek.cz\/index.php\/wp-json\/wp\/v2\/media?parent=462"}],"wp:term":[{"taxonomy":"category","embeddable":true,"href":"https:\/\/zelecsky-hradek.cz\/index.php\/wp-json\/wp\/v2\/categories?post=462"},{"taxonomy":"post_tag","embeddable":true,"href":"https:\/\/zelecsky-hradek.cz\/index.php\/wp-json\/wp\/v2\/tags?post=462"}],"curies":[{"name":"wp","href":"https:\/\/api.w.org\/{rel}","templated":true}]}}