{"id":282,"date":"2013-01-05T22:39:00","date_gmt":"2013-01-05T21:39:00","guid":{"rendered":"https:\/\/zelecsky-hradek.cz\/?p=282"},"modified":"2024-03-07T22:44:20","modified_gmt":"2024-03-07T21:44:20","slug":"falco-na-vystave","status":"publish","type":"post","link":"https:\/\/zelecsky-hradek.cz\/index.php\/2013\/01\/05\/falco-na-vystave\/","title":{"rendered":"Falco na vy\u0301stave\u030c !"},"content":{"rendered":"\n<p class=\"has-text-align-center\">Dne 5. 1. 2013 se Falco \u017dele\u010dsk\u00fd hr\u00e1dek \u00fa\u010dastnil N\u00e1rodn\u00ed v\u00fdstavy v Brn\u011b. T\u0159\u00edda mlad\u00fdch V3.<\/p>\n\n\n\n<p class=\"has-text-align-center\">Gratulujeme \ud83d\ude42<\/p>\n","protected":false},"excerpt":{"rendered":"<p>Dne 5. 1. 2013 se Falco \u017dele\u010dsk\u00fd hr\u00e1dek \u00fa\u010dastnil N\u00e1rodn\u00ed v\u00fdstavy v Brn\u011b. T\u0159\u00edda mlad\u00fdch V3. Gratulujeme \ud83d\ude42<\/p>\n","protected":false},"author":1,"featured_media":283,"comment_status":"closed","ping_status":"closed","sticky":false,"template":"","format":"standard","meta":{"ngg_post_thumbnail":0,"footnotes":""},"categories":[15,7,14],"tags":[17,10,16],"class_list":["post-282","post","type-post","status-publish","format-standard","has-post-thumbnail","hentry","category-15","category-novinky","category-uspechy","tag-17","tag-novinky","tag-uspechy"],"_links":{"self":[{"href":"https:\/\/zelecsky-hradek.cz\/index.php\/wp-json\/wp\/v2\/posts\/282","targetHints":{"allow":["GET"]}}],"collection":[{"href":"https:\/\/zelecsky-hradek.cz\/index.php\/wp-json\/wp\/v2\/posts"}],"about":[{"href":"https:\/\/zelecsky-hradek.cz\/index.php\/wp-json\/wp\/v2\/types\/post"}],"author":[{"embeddable":true,"href":"https:\/\/zelecsky-hradek.cz\/index.php\/wp-json\/wp\/v2\/users\/1"}],"replies":[{"embeddable":true,"href":"https:\/\/zelecsky-hradek.cz\/index.php\/wp-json\/wp\/v2\/comments?post=282"}],"version-history":[{"count":1,"href":"https:\/\/zelecsky-hradek.cz\/index.php\/wp-json\/wp\/v2\/posts\/282\/revisions"}],"predecessor-version":[{"id":284,"href":"https:\/\/zelecsky-hradek.cz\/index.php\/wp-json\/wp\/v2\/posts\/282\/revisions\/284"}],"wp:featuredmedia":[{"embeddable":true,"href":"https:\/\/zelecsky-hradek.cz\/index.php\/wp-json\/wp\/v2\/media\/283"}],"wp:attachment":[{"href":"https:\/\/zelecsky-hradek.cz\/index.php\/wp-json\/wp\/v2\/media?parent=282"}],"wp:term":[{"taxonomy":"category","embeddable":true,"href":"https:\/\/zelecsky-hradek.cz\/index.php\/wp-json\/wp\/v2\/categories?post=282"},{"taxonomy":"post_tag","embeddable":true,"href":"https:\/\/zelecsky-hradek.cz\/index.php\/wp-json\/wp\/v2\/tags?post=282"}],"curies":[{"name":"wp","href":"https:\/\/api.w.org\/{rel}","templated":true}]}}