{"id":1327,"date":"2024-04-05T11:22:09","date_gmt":"2024-04-05T09:22:09","guid":{"rendered":"https:\/\/zelecsky-hradek.cz\/?p=1327"},"modified":"2024-04-09T20:31:12","modified_gmt":"2024-04-09T18:31:12","slug":"mame-nakryto-bude-vrh-w","status":"publish","type":"post","link":"https:\/\/zelecsky-hradek.cz\/index.php\/2024\/04\/05\/mame-nakryto-bude-vrh-w\/","title":{"rendered":"M\u00e1me nakryto &#8211; bude vrh W"},"content":{"rendered":"\n<p class=\"has-text-align-center\">M\u00e1me nakryto bereme rezervace na tento vrh W. <\/p>\n\n\n\n<div class=\"wp-block-buttons is-content-justification-center is-layout-flex wp-container-core-buttons-is-layout-a89b3969 wp-block-buttons-is-layout-flex\">\n<div class=\"wp-block-button has-custom-width wp-block-button__width-50\"><a class=\"wp-block-button__link wp-element-button\" href=\"https:\/\/zelecsky-hradek.cz\/index.php\/kontakt\/\">Napsat n\u00e1m m\u016f\u017eete zde<\/a><\/div>\n<\/div>\n\n\n\n<figure class=\"wp-block-image size-full\"><img loading=\"lazy\" decoding=\"async\" width=\"959\" height=\"476\" src=\"https:\/\/zelecsky-hradek.cz\/wp-content\/uploads\/2024\/04\/434456059_408911798557991_8881873473101546887_n-1.jpg\" alt=\"\" class=\"wp-image-1330\" srcset=\"https:\/\/zelecsky-hradek.cz\/wp-content\/uploads\/2024\/04\/434456059_408911798557991_8881873473101546887_n-1.jpg 959w, https:\/\/zelecsky-hradek.cz\/wp-content\/uploads\/2024\/04\/434456059_408911798557991_8881873473101546887_n-1-300x149.jpg 300w, https:\/\/zelecsky-hradek.cz\/wp-content\/uploads\/2024\/04\/434456059_408911798557991_8881873473101546887_n-1-768x381.jpg 768w\" sizes=\"auto, (max-width: 959px) 100vw, 959px\" \/><\/figure>\n","protected":false},"excerpt":{"rendered":"<p>M\u00e1me nakryto bereme rezervace na tento vrh W.<\/p>\n","protected":false},"author":1,"featured_media":1329,"comment_status":"closed","ping_status":"open","sticky":false,"template":"","format":"standard","meta":{"ngg_post_thumbnail":0,"footnotes":""},"categories":[43,7,5],"tags":[44,10,11],"class_list":["post-1327","post","type-post","status-publish","format-standard","has-post-thumbnail","hentry","category-43","category-novinky","category-stenata","tag-44","tag-novinky","tag-stenata"],"_links":{"self":[{"href":"https:\/\/zelecsky-hradek.cz\/index.php\/wp-json\/wp\/v2\/posts\/1327","targetHints":{"allow":["GET"]}}],"collection":[{"href":"https:\/\/zelecsky-hradek.cz\/index.php\/wp-json\/wp\/v2\/posts"}],"about":[{"href":"https:\/\/zelecsky-hradek.cz\/index.php\/wp-json\/wp\/v2\/types\/post"}],"author":[{"embeddable":true,"href":"https:\/\/zelecsky-hradek.cz\/index.php\/wp-json\/wp\/v2\/users\/1"}],"replies":[{"embeddable":true,"href":"https:\/\/zelecsky-hradek.cz\/index.php\/wp-json\/wp\/v2\/comments?post=1327"}],"version-history":[{"count":3,"href":"https:\/\/zelecsky-hradek.cz\/index.php\/wp-json\/wp\/v2\/posts\/1327\/revisions"}],"predecessor-version":[{"id":1340,"href":"https:\/\/zelecsky-hradek.cz\/index.php\/wp-json\/wp\/v2\/posts\/1327\/revisions\/1340"}],"wp:featuredmedia":[{"embeddable":true,"href":"https:\/\/zelecsky-hradek.cz\/index.php\/wp-json\/wp\/v2\/media\/1329"}],"wp:attachment":[{"href":"https:\/\/zelecsky-hradek.cz\/index.php\/wp-json\/wp\/v2\/media?parent=1327"}],"wp:term":[{"taxonomy":"category","embeddable":true,"href":"https:\/\/zelecsky-hradek.cz\/index.php\/wp-json\/wp\/v2\/categories?post=1327"},{"taxonomy":"post_tag","embeddable":true,"href":"https:\/\/zelecsky-hradek.cz\/index.php\/wp-json\/wp\/v2\/tags?post=1327"}],"curies":[{"name":"wp","href":"https:\/\/api.w.org\/{rel}","templated":true}]}}