{"id":1078,"date":"2023-09-25T18:52:00","date_gmt":"2023-09-25T16:52:00","guid":{"rendered":"https:\/\/zelecsky-hradek.cz\/?p=1078"},"modified":"2024-03-10T18:54:28","modified_gmt":"2024-03-10T17:54:28","slug":"stenatka-planujeme-na-jaro-2024","status":"publish","type":"post","link":"https:\/\/zelecsky-hradek.cz\/index.php\/2023\/09\/25\/stenatka-planujeme-na-jaro-2024\/","title":{"rendered":"\u0160t\u011b\u0148\u00e1tka pl\u00e1nujeme na jaro 2024"},"content":{"rendered":"\n<p>M\u00e1mou bude <a href=\"https:\/\/zelecsky-hradek.cz\/index.php\/nasi-pejsci\/fibi\/\" data-type=\"page\" data-id=\"114\">Phoebe \u017dele\u010dsk\u00fd hr\u00e1dek<\/a> a t\u00e1tou De Solo Queen of Garden.<\/p>\n","protected":false},"excerpt":{"rendered":"<p>M\u00e1mou bude Phoebe \u017dele\u010dsk\u00fd hr\u00e1dek a t\u00e1tou De Solo Queen of Garden.<\/p>\n","protected":false},"author":1,"featured_media":1079,"comment_status":"closed","ping_status":"open","sticky":false,"template":"","format":"standard","meta":{"ngg_post_thumbnail":0,"footnotes":""},"categories":[42,43,7,5],"tags":[44,10,11],"class_list":["post-1078","post","type-post","status-publish","format-standard","has-post-thumbnail","hentry","category-42","category-43","category-novinky","category-stenata","tag-44","tag-novinky","tag-stenata"],"_links":{"self":[{"href":"https:\/\/zelecsky-hradek.cz\/index.php\/wp-json\/wp\/v2\/posts\/1078","targetHints":{"allow":["GET"]}}],"collection":[{"href":"https:\/\/zelecsky-hradek.cz\/index.php\/wp-json\/wp\/v2\/posts"}],"about":[{"href":"https:\/\/zelecsky-hradek.cz\/index.php\/wp-json\/wp\/v2\/types\/post"}],"author":[{"embeddable":true,"href":"https:\/\/zelecsky-hradek.cz\/index.php\/wp-json\/wp\/v2\/users\/1"}],"replies":[{"embeddable":true,"href":"https:\/\/zelecsky-hradek.cz\/index.php\/wp-json\/wp\/v2\/comments?post=1078"}],"version-history":[{"count":1,"href":"https:\/\/zelecsky-hradek.cz\/index.php\/wp-json\/wp\/v2\/posts\/1078\/revisions"}],"predecessor-version":[{"id":1080,"href":"https:\/\/zelecsky-hradek.cz\/index.php\/wp-json\/wp\/v2\/posts\/1078\/revisions\/1080"}],"wp:featuredmedia":[{"embeddable":true,"href":"https:\/\/zelecsky-hradek.cz\/index.php\/wp-json\/wp\/v2\/media\/1079"}],"wp:attachment":[{"href":"https:\/\/zelecsky-hradek.cz\/index.php\/wp-json\/wp\/v2\/media?parent=1078"}],"wp:term":[{"taxonomy":"category","embeddable":true,"href":"https:\/\/zelecsky-hradek.cz\/index.php\/wp-json\/wp\/v2\/categories?post=1078"},{"taxonomy":"post_tag","embeddable":true,"href":"https:\/\/zelecsky-hradek.cz\/index.php\/wp-json\/wp\/v2\/tags?post=1078"}],"curies":[{"name":"wp","href":"https:\/\/api.w.org\/{rel}","templated":true}]}}