{"id":1015,"date":"2021-04-12T18:34:00","date_gmt":"2021-04-12T16:34:00","guid":{"rendered":"https:\/\/zelecsky-hradek.cz\/?p=1015"},"modified":"2024-03-10T18:34:59","modified_gmt":"2024-03-10T17:34:59","slug":"iggy-je-nakryta-3","status":"publish","type":"post","link":"https:\/\/zelecsky-hradek.cz\/index.php\/2021\/04\/12\/iggy-je-nakryta-3\/","title":{"rendered":"Iggy je nakryt\u00e1"},"content":{"rendered":"\n<p>V sobotu 10.4.2021 byla Iggy \u017dele\u010dsk\u00fd hr\u00e1dek nakryt\u00e1 fe\u0161\u00e1kem Be Kean Tobani \u201cYumi\u201d. To znamen\u00e1, \u017ee v p\u016fli \u010dervna se m\u016f\u017eeme t\u011b\u0161it na p\u011bkn\u011b vybarven\u00e1 \u0161t\u011b\u0148\u00e1tka<\/p>\n\n\n\n<p><\/p>\n","protected":false},"excerpt":{"rendered":"<p>V sobotu 10.4.2021 byla Iggy \u017dele\u010dsk\u00fd hr\u00e1dek nakryt\u00e1 fe\u0161\u00e1kem Be Kean Tobani \u201cYumi\u201d. To znamen\u00e1, \u017ee v p\u016fli \u010dervna se m\u016f\u017eeme t\u011b\u0161it na p\u011bkn\u011b vybarven\u00e1 \u0161t\u011b\u0148\u00e1tka<\/p>\n","protected":false},"author":1,"featured_media":1016,"comment_status":"closed","ping_status":"open","sticky":false,"template":"","format":"standard","meta":{"ngg_post_thumbnail":0,"footnotes":""},"categories":[38,7,5],"tags":[39,10,11],"class_list":["post-1015","post","type-post","status-publish","format-standard","has-post-thumbnail","hentry","category-38","category-novinky","category-stenata","tag-39","tag-novinky","tag-stenata"],"_links":{"self":[{"href":"https:\/\/zelecsky-hradek.cz\/index.php\/wp-json\/wp\/v2\/posts\/1015","targetHints":{"allow":["GET"]}}],"collection":[{"href":"https:\/\/zelecsky-hradek.cz\/index.php\/wp-json\/wp\/v2\/posts"}],"about":[{"href":"https:\/\/zelecsky-hradek.cz\/index.php\/wp-json\/wp\/v2\/types\/post"}],"author":[{"embeddable":true,"href":"https:\/\/zelecsky-hradek.cz\/index.php\/wp-json\/wp\/v2\/users\/1"}],"replies":[{"embeddable":true,"href":"https:\/\/zelecsky-hradek.cz\/index.php\/wp-json\/wp\/v2\/comments?post=1015"}],"version-history":[{"count":1,"href":"https:\/\/zelecsky-hradek.cz\/index.php\/wp-json\/wp\/v2\/posts\/1015\/revisions"}],"predecessor-version":[{"id":1017,"href":"https:\/\/zelecsky-hradek.cz\/index.php\/wp-json\/wp\/v2\/posts\/1015\/revisions\/1017"}],"wp:featuredmedia":[{"embeddable":true,"href":"https:\/\/zelecsky-hradek.cz\/index.php\/wp-json\/wp\/v2\/media\/1016"}],"wp:attachment":[{"href":"https:\/\/zelecsky-hradek.cz\/index.php\/wp-json\/wp\/v2\/media?parent=1015"}],"wp:term":[{"taxonomy":"category","embeddable":true,"href":"https:\/\/zelecsky-hradek.cz\/index.php\/wp-json\/wp\/v2\/categories?post=1015"},{"taxonomy":"post_tag","embeddable":true,"href":"https:\/\/zelecsky-hradek.cz\/index.php\/wp-json\/wp\/v2\/tags?post=1015"}],"curies":[{"name":"wp","href":"https:\/\/api.w.org\/{rel}","templated":true}]}}