{"id":1000,"date":"2020-09-25T18:28:00","date_gmt":"2020-09-25T16:28:00","guid":{"rendered":"https:\/\/zelecsky-hradek.cz\/?p=1000"},"modified":"2024-03-10T18:29:27","modified_gmt":"2024-03-10T17:29:27","slug":"teste-se-na-stenatka","status":"publish","type":"post","link":"https:\/\/zelecsky-hradek.cz\/index.php\/2020\/09\/25\/teste-se-na-stenatka\/","title":{"rendered":"T\u011b\u0161te se na \u0161t\u011b\u0148\u00e1tka"},"content":{"rendered":"\n<p class=\"has-text-align-center\">Tak u\u017e se to r\u00fdsuje p\u0159edpokl\u00e1dan\u00fd term\u00edn narozen\u00ed cca 20. \u0159\u00edjna 2020. Od t\u00e9 chv\u00edle se zase m\u016f\u017eete t\u011b\u0161it na z\u00e1plavu fotek se \u0161t\u011bn\u011bc\u00ed t\u00e9matikou.<\/p>\n\n\n\n<p class=\"has-text-align-center\">Matka: Iggy \u017dele\u010dcsk\u00fd hr\u00e1dek <br>Otec: Chance Slezsk\u00fd hr\u00e1dek<\/p>\n\n\n\n<p class=\"has-text-align-center\">Vrh: \u201cS\u201d<\/p>\n\n\n\n<figure class=\"wp-block-gallery has-nested-images columns-default is-cropped wp-block-gallery-1 is-layout-flex wp-block-gallery-is-layout-flex\">\n<figure class=\"wp-block-image size-large\"><img loading=\"lazy\" decoding=\"async\" width=\"596\" height=\"960\" data-id=\"996\" src=\"https:\/\/zelecsky-hradek.cz\/wp-content\/uploads\/2024\/03\/87501983_514505422541779_3453877687146250240_n.jpg\" alt=\"\" class=\"wp-image-996\" srcset=\"https:\/\/zelecsky-hradek.cz\/wp-content\/uploads\/2024\/03\/87501983_514505422541779_3453877687146250240_n.jpg 596w, https:\/\/zelecsky-hradek.cz\/wp-content\/uploads\/2024\/03\/87501983_514505422541779_3453877687146250240_n-186x300.jpg 186w\" sizes=\"auto, (max-width: 596px) 100vw, 596px\" \/><\/figure>\n<\/figure>\n","protected":false},"excerpt":{"rendered":"<p>Tak u\u017e se to r\u00fdsuje p\u0159edpokl\u00e1dan\u00fd term\u00edn narozen\u00ed cca 20. \u0159\u00edjna 2020. Od t\u00e9 chv\u00edle se zase m\u016f\u017eete t\u011b\u0161it na z\u00e1plavu fotek se \u0161t\u011bn\u011bc\u00ed t\u00e9matikou. Matka: Iggy \u017dele\u010dcsk\u00fd hr\u00e1dek Otec: Chance Slezsk\u00fd hr\u00e1dek Vrh: \u201cS\u201d<\/p>\n","protected":false},"author":1,"featured_media":1001,"comment_status":"closed","ping_status":"open","sticky":false,"template":"","format":"standard","meta":{"ngg_post_thumbnail":0,"footnotes":""},"categories":[36,7,5],"tags":[37,10,11],"class_list":["post-1000","post","type-post","status-publish","format-standard","has-post-thumbnail","hentry","category-36","category-novinky","category-stenata","tag-37","tag-novinky","tag-stenata"],"_links":{"self":[{"href":"https:\/\/zelecsky-hradek.cz\/index.php\/wp-json\/wp\/v2\/posts\/1000","targetHints":{"allow":["GET"]}}],"collection":[{"href":"https:\/\/zelecsky-hradek.cz\/index.php\/wp-json\/wp\/v2\/posts"}],"about":[{"href":"https:\/\/zelecsky-hradek.cz\/index.php\/wp-json\/wp\/v2\/types\/post"}],"author":[{"embeddable":true,"href":"https:\/\/zelecsky-hradek.cz\/index.php\/wp-json\/wp\/v2\/users\/1"}],"replies":[{"embeddable":true,"href":"https:\/\/zelecsky-hradek.cz\/index.php\/wp-json\/wp\/v2\/comments?post=1000"}],"version-history":[{"count":1,"href":"https:\/\/zelecsky-hradek.cz\/index.php\/wp-json\/wp\/v2\/posts\/1000\/revisions"}],"predecessor-version":[{"id":1002,"href":"https:\/\/zelecsky-hradek.cz\/index.php\/wp-json\/wp\/v2\/posts\/1000\/revisions\/1002"}],"wp:featuredmedia":[{"embeddable":true,"href":"https:\/\/zelecsky-hradek.cz\/index.php\/wp-json\/wp\/v2\/media\/1001"}],"wp:attachment":[{"href":"https:\/\/zelecsky-hradek.cz\/index.php\/wp-json\/wp\/v2\/media?parent=1000"}],"wp:term":[{"taxonomy":"category","embeddable":true,"href":"https:\/\/zelecsky-hradek.cz\/index.php\/wp-json\/wp\/v2\/categories?post=1000"},{"taxonomy":"post_tag","embeddable":true,"href":"https:\/\/zelecsky-hradek.cz\/index.php\/wp-json\/wp\/v2\/tags?post=1000"}],"curies":[{"name":"wp","href":"https:\/\/api.w.org\/{rel}","templated":true}]}}